{"id":12325,"date":"2023-10-26T09:12:05","date_gmt":"2023-10-26T07:12:05","guid":{"rendered":"https:\/\/www.tsd.hr\/site\/?p=12325"},"modified":"2023-10-26T09:13:14","modified_gmt":"2023-10-26T07:13:14","slug":"svjetski-dan-hrane-2","status":"publish","type":"post","link":"https:\/\/www.tsd.hr\/site\/2023\/svjetski-dan-hrane-2\/","title":{"rendered":"Svjetski dan hrane"},"content":{"rendered":"\n<p>Ovogodi\u0161nja kampanja Organizacije UN-a za hranu i poljoprivredu (FAO-a) povodom Svjetskog dana hrane koji se obilje\u017eava 16. listopada usmjerena je na poduzimanje mjera vezanih uz vodu, a kako bi se ona u\u010dinkovitije koristila u proizvodnji hrane. Osim toga, u listopadu se obilje\u017eavaju Dani kruha i zahvalnosti za plodove zemlje, Dan jabuke, ali i Me\u0111unarodni dan borbe protiv siroma\u0161tva. Ovogodi\u0161nji pano u na\u0161oj \u0161koli posve\u0107en je nagra\u0111ivanoj i jednoj od najboljih dokumentarnih serija na svijetu, hrvatskoj seriji Dulum zemlje, u kojoj su predstavljene pri\u010de o ljudima koji su odabrali raditi na zemlji i \u017eivjeti od rada na zemlji, unato\u010d brojnim izazovima s kojima se suo\u010davaju na tom putu. Na poveznici\u00a0 <a href=\"https:\/\/www.fao.org\/world-food-day\/take-action\/en\">Take action!<\/a> potra\u017eite informacije o tome kako i vi mo\u017eete u\u010diniti ne\u0161to dobro za Zemlju.<br>\u017deljka Hodak, prof.<br><a rel=\"noreferrer noopener\" href=\"https:\/\/www.facebook.com\/media\/set?vanity=tsdaruvar&amp;set=a.887757392947690&amp;locale=hr_HR\" data-type=\"URL\" data-id=\"https:\/\/www.facebook.com\/media\/set?vanity=tsdaruvar&amp;set=a.887757392947690&amp;locale=hr_HR\" target=\"_blank\">Fotografije&#8230;<\/a><\/p>\n","protected":false},"excerpt":{"rendered":"<p>Ovogodi\u0161nja kampanja Organizacije UN-a za hranu i poljoprivredu (FAO-a) povodom Svjetskog dana hrane koji se obilje\u017eava 16. listopada usmjerena je na poduzimanje mjera vezanih uz vodu, a kako bi se ona u\u010dinkovitije koristila u proizvodnji hrane. Osim toga, u listopadu se obilje\u017eavaju Dani kruha i zahvalnosti za plodove zemlje, Dan jabuke, ali i Me\u0111unarodni dan [&hellip;]<\/p>\n","protected":false},"author":3,"featured_media":0,"comment_status":"closed","ping_status":"closed","sticky":false,"template":"","format":"standard","meta":{"footnotes":""},"categories":[2,10],"tags":[],"class_list":["post-12325","post","type-post","status-publish","format-standard","hentry","category-aktualno","category-dogadaji"],"_links":{"self":[{"href":"https:\/\/www.tsd.hr\/site\/wp-json\/wp\/v2\/posts\/12325","targetHints":{"allow":["GET"]}}],"collection":[{"href":"https:\/\/www.tsd.hr\/site\/wp-json\/wp\/v2\/posts"}],"about":[{"href":"https:\/\/www.tsd.hr\/site\/wp-json\/wp\/v2\/types\/post"}],"author":[{"embeddable":true,"href":"https:\/\/www.tsd.hr\/site\/wp-json\/wp\/v2\/users\/3"}],"replies":[{"embeddable":true,"href":"https:\/\/www.tsd.hr\/site\/wp-json\/wp\/v2\/comments?post=12325"}],"version-history":[{"count":2,"href":"https:\/\/www.tsd.hr\/site\/wp-json\/wp\/v2\/posts\/12325\/revisions"}],"predecessor-version":[{"id":12327,"href":"https:\/\/www.tsd.hr\/site\/wp-json\/wp\/v2\/posts\/12325\/revisions\/12327"}],"wp:attachment":[{"href":"https:\/\/www.tsd.hr\/site\/wp-json\/wp\/v2\/media?parent=12325"}],"wp:term":[{"taxonomy":"category","embeddable":true,"href":"https:\/\/www.tsd.hr\/site\/wp-json\/wp\/v2\/categories?post=12325"},{"taxonomy":"post_tag","embeddable":true,"href":"https:\/\/www.tsd.hr\/site\/wp-json\/wp\/v2\/tags?post=12325"}],"curies":[{"name":"wp","href":"https:\/\/api.w.org\/{rel}","templated":true}]}}