{"id":14500,"date":"2026-02-16T12:15:28","date_gmt":"2026-02-16T11:15:28","guid":{"rendered":"https:\/\/www.tsd.hr\/site\/?p=14500"},"modified":"2026-02-16T12:15:33","modified_gmt":"2026-02-16T11:15:33","slug":"izlucno-natjecanje-wsc-u-disciplini-prometna-tehnologija-i-logistika","status":"publish","type":"post","link":"https:\/\/www.tsd.hr\/site\/2026\/izlucno-natjecanje-wsc-u-disciplini-prometna-tehnologija-i-logistika\/","title":{"rendered":"Izlu\u010dno natjecanje WSC u disciplini Prometna tehnologija i logistika"},"content":{"rendered":"\n<p>WorldSkills Croatia 2026. izlu\u010dno natjecanje u\u010denika u disciplini Prometna tehnologija i logistika odr\u017eano je u \u0160koli za cestovni promet u Zagrebu. <br>Natjecanje se odr\u017ealo u petak 13. velja\u010de 2026., a sudjelovali su u\u010denici iz 13 srednjih \u0161kola.<br>U\u010denik Roberto Bec se pod vodstvom nastavnika Miroslava Ba\u017eanta uspio kvalificirati na dr\u017eavno natjecanje WorldSkills Croatia 2026 koje \u0107e se odr\u017eati od 5. do 7. svibnja 2026. u Zagrebu.<br>\u010cestitke u\u010deniku i mentoru!<\/p>\n\n\n\n<!--more-->\n\n\n\n<figure class=\"wp-block-image size-large\"><a href=\"https:\/\/www.tsd.hr\/site\/wp-content\/uploads\/2026\/02\/WhatsApp-Image-2026-02-16-at-11.37.11.jpeg\"><img loading=\"lazy\" decoding=\"async\" width=\"576\" height=\"1024\" src=\"https:\/\/www.tsd.hr\/site\/wp-content\/uploads\/2026\/02\/WhatsApp-Image-2026-02-16-at-11.37.11-576x1024.jpeg\" alt=\"\" class=\"wp-image-14502\" srcset=\"https:\/\/www.tsd.hr\/site\/wp-content\/uploads\/2026\/02\/WhatsApp-Image-2026-02-16-at-11.37.11-576x1024.jpeg 576w, https:\/\/www.tsd.hr\/site\/wp-content\/uploads\/2026\/02\/WhatsApp-Image-2026-02-16-at-11.37.11-169x300.jpeg 169w, https:\/\/www.tsd.hr\/site\/wp-content\/uploads\/2026\/02\/WhatsApp-Image-2026-02-16-at-11.37.11-768x1365.jpeg 768w, https:\/\/www.tsd.hr\/site\/wp-content\/uploads\/2026\/02\/WhatsApp-Image-2026-02-16-at-11.37.11-864x1536.jpeg 864w, https:\/\/www.tsd.hr\/site\/wp-content\/uploads\/2026\/02\/WhatsApp-Image-2026-02-16-at-11.37.11.jpeg 900w\" sizes=\"auto, (max-width: 576px) 100vw, 576px\" \/><\/a><\/figure>\n","protected":false},"excerpt":{"rendered":"<p>WorldSkills Croatia 2026. izlu\u010dno natjecanje u\u010denika u disciplini Prometna tehnologija i logistika odr\u017eano je u \u0160koli za cestovni promet u Zagrebu. Natjecanje se odr\u017ealo u petak 13. velja\u010de 2026., a sudjelovali su u\u010denici iz 13 srednjih \u0161kola.U\u010denik Roberto Bec se pod vodstvom nastavnika Miroslava Ba\u017eanta uspio kvalificirati na dr\u017eavno natjecanje WorldSkills Croatia 2026 koje \u0107e [&hellip;]<\/p>\n","protected":false},"author":3,"featured_media":0,"comment_status":"closed","ping_status":"closed","sticky":false,"template":"","format":"standard","meta":{"footnotes":""},"categories":[2,10],"tags":[],"class_list":["post-14500","post","type-post","status-publish","format-standard","hentry","category-aktualno","category-dogadaji"],"_links":{"self":[{"href":"https:\/\/www.tsd.hr\/site\/wp-json\/wp\/v2\/posts\/14500","targetHints":{"allow":["GET"]}}],"collection":[{"href":"https:\/\/www.tsd.hr\/site\/wp-json\/wp\/v2\/posts"}],"about":[{"href":"https:\/\/www.tsd.hr\/site\/wp-json\/wp\/v2\/types\/post"}],"author":[{"embeddable":true,"href":"https:\/\/www.tsd.hr\/site\/wp-json\/wp\/v2\/users\/3"}],"replies":[{"embeddable":true,"href":"https:\/\/www.tsd.hr\/site\/wp-json\/wp\/v2\/comments?post=14500"}],"version-history":[{"count":1,"href":"https:\/\/www.tsd.hr\/site\/wp-json\/wp\/v2\/posts\/14500\/revisions"}],"predecessor-version":[{"id":14503,"href":"https:\/\/www.tsd.hr\/site\/wp-json\/wp\/v2\/posts\/14500\/revisions\/14503"}],"wp:attachment":[{"href":"https:\/\/www.tsd.hr\/site\/wp-json\/wp\/v2\/media?parent=14500"}],"wp:term":[{"taxonomy":"category","embeddable":true,"href":"https:\/\/www.tsd.hr\/site\/wp-json\/wp\/v2\/categories?post=14500"},{"taxonomy":"post_tag","embeddable":true,"href":"https:\/\/www.tsd.hr\/site\/wp-json\/wp\/v2\/tags?post=14500"}],"curies":[{"name":"wp","href":"https:\/\/api.w.org\/{rel}","templated":true}]}}