{"id":7090,"date":"2018-02-15T12:18:42","date_gmt":"2018-02-15T11:18:42","guid":{"rendered":"https:\/\/www.tsd.hr\/site\/?p=7090"},"modified":"2018-02-15T12:18:42","modified_gmt":"2018-02-15T11:18:42","slug":"sajam-fakulteta-u-bjelovaru","status":"publish","type":"post","link":"https:\/\/www.tsd.hr\/site\/2018\/sajam-fakulteta-u-bjelovaru\/","title":{"rendered":"Sajam fakulteta u Bjelovaru"},"content":{"rendered":"<div>U petak 9. velja\u010de 2018. godine, zainteresirani u\u010denici\u00a04.et, 4.rt,\u00a04.pt\u00a0i\u00a04.mt\u00a0razreda obi\u0161li su Sajam fakulteta u Bjelovaru.\u00a0 <a href=\"https:\/\/www.flickr.com\/photos\/tehnickadaruvar\/albums\/72157693447614465\" target=\"_blank\" rel=\"noopener\">Fotografije&#8230;<\/a><!--more--><\/div>\n<div>Sajam je organizirala Udruga studenata Bjelovarsko-bilogorske \u017eupanije pod pokroviteljstvom Bjelovarsko-bilogorske \u017eupanije. Na sajmu su se predstavljali brojni fakulteti, veleu\u010dili\u0161ta i visoke \u0161kole, kao npr. Algebra visoko u\u010dili\u0161te Zagreb, Arhitektonski fakultet Zagreb, Ekonomski fakultet Zagreb, Ekonomski fakultet Rijeka, Fakultet elektrotehnike i ra\u010dunarstva Zagreb, Fakultet organizacije i informatike Vara\u017edin, Fakultet prometnih znanosti Zagreb, Gra\u0111evinski fakultet Osijek, Gra\u0111evinski fakultet Zagreb, Hrvatski studiji Zagrebrvatsko vojno u\u010dili\u0161te \u201eDr. Franjo Tu\u0111man\u201d, Kineziolo\u0161ki fakultet Zagreb, Medicinski fakultet Zagreb, MUP &#8211; Visoka policijska \u0161kola, Pomorski fakultet Rijeka, Prirodoslovno-matemati\u010dki fakultet Zagreb, SVEU\u010cILI\u0160TE SJEVER Sveu\u010dili\u0161ni centar Koprivnica, Tehni\u010dki fakultet Rijeka, Tehni\u010dko veleu\u010dili\u0161te Zagreb, U\u010diteljski fakultet Zagreb i sl.<\/div>\n<div>U\u010denici su mogli dobiti bro\u0161ure i letke, te odgovore vezano za sva pitanja oko upisa i studiranja.<\/div>\n","protected":false},"excerpt":{"rendered":"<p>U petak 9. velja\u010de 2018. godine, zainteresirani u\u010denici\u00a04.et, 4.rt,\u00a04.pt\u00a0i\u00a04.mt\u00a0razreda obi\u0161li su Sajam fakulteta u Bjelovaru.\u00a0 Fotografije&#8230;<\/p>\n","protected":false},"author":3,"featured_media":0,"comment_status":"closed","ping_status":"closed","sticky":false,"template":"","format":"standard","meta":{"footnotes":""},"categories":[2,10],"tags":[],"class_list":["post-7090","post","type-post","status-publish","format-standard","hentry","category-aktualno","category-dogadaji"],"_links":{"self":[{"href":"https:\/\/www.tsd.hr\/site\/wp-json\/wp\/v2\/posts\/7090","targetHints":{"allow":["GET"]}}],"collection":[{"href":"https:\/\/www.tsd.hr\/site\/wp-json\/wp\/v2\/posts"}],"about":[{"href":"https:\/\/www.tsd.hr\/site\/wp-json\/wp\/v2\/types\/post"}],"author":[{"embeddable":true,"href":"https:\/\/www.tsd.hr\/site\/wp-json\/wp\/v2\/users\/3"}],"replies":[{"embeddable":true,"href":"https:\/\/www.tsd.hr\/site\/wp-json\/wp\/v2\/comments?post=7090"}],"version-history":[{"count":1,"href":"https:\/\/www.tsd.hr\/site\/wp-json\/wp\/v2\/posts\/7090\/revisions"}],"predecessor-version":[{"id":7091,"href":"https:\/\/www.tsd.hr\/site\/wp-json\/wp\/v2\/posts\/7090\/revisions\/7091"}],"wp:attachment":[{"href":"https:\/\/www.tsd.hr\/site\/wp-json\/wp\/v2\/media?parent=7090"}],"wp:term":[{"taxonomy":"category","embeddable":true,"href":"https:\/\/www.tsd.hr\/site\/wp-json\/wp\/v2\/categories?post=7090"},{"taxonomy":"post_tag","embeddable":true,"href":"https:\/\/www.tsd.hr\/site\/wp-json\/wp\/v2\/tags?post=7090"}],"curies":[{"name":"wp","href":"https:\/\/api.w.org\/{rel}","templated":true}]}}