{"id":7936,"date":"2018-11-27T13:40:56","date_gmt":"2018-11-27T12:40:56","guid":{"rendered":"https:\/\/www.tsd.hr\/site\/?p=7936"},"modified":"2018-11-27T13:42:50","modified_gmt":"2018-11-27T12:42:50","slug":"humanitarni-koncert-za-luku","status":"publish","type":"post","link":"https:\/\/www.tsd.hr\/site\/2018\/humanitarni-koncert-za-luku\/","title":{"rendered":"Humanitarni koncert &#8220;Za Luku&#8221;"},"content":{"rendered":"<p>Tehni\u010dka \u0161kola Daruvar, Glazbena \u0161kola Brune Bjelinskog Daruvar i Grad Daruvar organiziraju humanitarni koncert &#8220;Za Luku&#8221; u ponedjeljak, 10.12.2018. u 17:30 sati u Kino dvorani &#8220;30. svibnja&#8221; Daruvar.<\/p>\n<p><a href=\"https:\/\/www.tsd.hr\/site\/wp-content\/uploads\/2018\/11\/PLAKAT-2.jpg\"><img loading=\"lazy\" decoding=\"async\" class=\"size-medium wp-image-7937 aligncenter\" src=\"https:\/\/www.tsd.hr\/site\/wp-content\/uploads\/2018\/11\/PLAKAT-2-213x300.jpg\" alt=\"\" width=\"213\" height=\"300\" srcset=\"https:\/\/www.tsd.hr\/site\/wp-content\/uploads\/2018\/11\/PLAKAT-2-213x300.jpg 213w, https:\/\/www.tsd.hr\/site\/wp-content\/uploads\/2018\/11\/PLAKAT-2-768x1080.jpg 768w, https:\/\/www.tsd.hr\/site\/wp-content\/uploads\/2018\/11\/PLAKAT-2-728x1024.jpg 728w\" sizes=\"auto, (max-width: 213px) 100vw, 213px\" \/><\/a><\/p>\n<p><strong>NASTUPAJU:<\/strong><\/p>\n<p><strong><em>Swing Time <\/em><\/strong>Danijel Rajkovi\u0107, Tomislav Mili\u0107, Jaroslav Klubi\u010dko, \u017deljko Pai\u0107 i gost: Goran Repinc<br \/>\n<strong><em>Brass Ensemble<br \/>\n<\/em><\/strong><strong><em>Bras Bross <\/em><\/strong>Karlo \u017duger, Antonio Bubulj, Valentino Janda, Luka Feher<br \/>\n<strong><em>Duo Filip Balder i Matija Ulbrih<br \/>\n<\/em><\/strong><strong><em>Attic <\/em><\/strong>Sun\u010dica Previ\u0107, Paula Varat, David Stracabo\u0161ko i Filip Herout<br \/>\n<strong><em>Gradski puha\u010dki orkestar Grada Daruvara<\/em><\/strong><\/p>\n<p><strong>Sponzori: Multimedia I<em>,<\/em>\u00a0glazbena produkcija\u00a0<em>LipoTon<\/em><\/strong><\/p>\n","protected":false},"excerpt":{"rendered":"<p>Tehni\u010dka \u0161kola Daruvar, Glazbena \u0161kola Brune Bjelinskog Daruvar i Grad Daruvar organiziraju humanitarni koncert &#8220;Za Luku&#8221; u ponedjeljak, 10.12.2018. u 17:30 sati u Kino dvorani &#8220;30. svibnja&#8221; Daruvar. NASTUPAJU: Swing Time Danijel Rajkovi\u0107, Tomislav Mili\u0107, Jaroslav Klubi\u010dko, \u017deljko Pai\u0107 i gost: Goran Repinc Brass Ensemble Bras Bross Karlo \u017duger, Antonio Bubulj, Valentino Janda, Luka Feher [&hellip;]<\/p>\n","protected":false},"author":3,"featured_media":0,"comment_status":"closed","ping_status":"closed","sticky":false,"template":"","format":"standard","meta":{"footnotes":""},"categories":[2,10],"tags":[],"class_list":["post-7936","post","type-post","status-publish","format-standard","hentry","category-aktualno","category-dogadaji"],"_links":{"self":[{"href":"https:\/\/www.tsd.hr\/site\/wp-json\/wp\/v2\/posts\/7936","targetHints":{"allow":["GET"]}}],"collection":[{"href":"https:\/\/www.tsd.hr\/site\/wp-json\/wp\/v2\/posts"}],"about":[{"href":"https:\/\/www.tsd.hr\/site\/wp-json\/wp\/v2\/types\/post"}],"author":[{"embeddable":true,"href":"https:\/\/www.tsd.hr\/site\/wp-json\/wp\/v2\/users\/3"}],"replies":[{"embeddable":true,"href":"https:\/\/www.tsd.hr\/site\/wp-json\/wp\/v2\/comments?post=7936"}],"version-history":[{"count":3,"href":"https:\/\/www.tsd.hr\/site\/wp-json\/wp\/v2\/posts\/7936\/revisions"}],"predecessor-version":[{"id":7940,"href":"https:\/\/www.tsd.hr\/site\/wp-json\/wp\/v2\/posts\/7936\/revisions\/7940"}],"wp:attachment":[{"href":"https:\/\/www.tsd.hr\/site\/wp-json\/wp\/v2\/media?parent=7936"}],"wp:term":[{"taxonomy":"category","embeddable":true,"href":"https:\/\/www.tsd.hr\/site\/wp-json\/wp\/v2\/categories?post=7936"},{"taxonomy":"post_tag","embeddable":true,"href":"https:\/\/www.tsd.hr\/site\/wp-json\/wp\/v2\/tags?post=7936"}],"curies":[{"name":"wp","href":"https:\/\/api.w.org\/{rel}","templated":true}]}}