{"id":8366,"date":"2019-04-12T17:49:07","date_gmt":"2019-04-12T15:49:07","guid":{"rendered":"https:\/\/www.tsd.hr\/site\/?p=8366"},"modified":"2019-04-12T18:00:07","modified_gmt":"2019-04-12T16:00:07","slug":"odrzani-2-i-3-modul-projekta-mala-skola-poduzetnosti","status":"publish","type":"post","link":"https:\/\/www.tsd.hr\/site\/2019\/odrzani-2-i-3-modul-projekta-mala-skola-poduzetnosti\/","title":{"rendered":"Odr\u017eani 2. i 3. modul projekta Mala \u0161kola poduzetnosti"},"content":{"rendered":"<p>11. i 12. travnja 2019. godine u Ekonomskoj i turisti\u010dkoj \u0161koli Daruvar odr\u017eana su jo\u0161 dva modula projekta Mala \u0161kola poduzetnosti \u2013 priprema za let u poduzetan svijet. Drugi modul pod nazivom Poduzetnost i zapo\u0161ljavanje \u2013 tr\u017ei\u0161te rada i ja obuhvatio je teme: \u0160to je poduzetnost, Timske uloge i timski rad kao va\u017ena vje\u0161tina za tr\u017ei\u0161te rada te pisanje \u017eivotopisa i molbe za posao te simulaciju intervjua za posao. Tre\u0107i modul pod nazivom Aktivno sudjelovanje u lokalnoj zajednici sastojao se od tema vezanih za demokraciju i mo\u0107 u dru\u0161tvu, prepoznavanju stereotipa i predrasuda u dru\u0161tvu te kako kriti\u010dki \u010ditati medije i reklame. Vesele nas pozitivne reakcije u\u010denika pa s nestrpljenjem i\u0161\u010dekujemo idu\u0107a dva modula koja \u0107e se odr\u017eat u svibnju u Tehni\u010dkoj \u0161koli Daruvar.<br \/>\nProjekt provodi Forum za slobodu odgoja uz financijsku podr\u0161ku Ministarstva za demografiju, obitelj, mlade i socijalnu politiku, u partnerstvu s Komercijalnom i trgova\u010dkom \u0161kolom Bjelovar, Tehni\u010dkom \u0161kolom Daruvar te Ekonomskom i turisti\u010dkom \u0161kolom Daruvar. <a href=\"https:\/\/www.facebook.com\/pg\/tsdaruvar\/photos\/?tab=album&amp;album_id=2426379304053118\" target=\"_blank\" rel=\"noopener\">Fotografije&#8230;<\/a><br \/>\nIvana Belokapa i Sanja Busi\u0107, prof.<\/p>\n","protected":false},"excerpt":{"rendered":"<p>11. i 12. travnja 2019. godine u Ekonomskoj i turisti\u010dkoj \u0161koli Daruvar odr\u017eana su jo\u0161 dva modula projekta Mala \u0161kola poduzetnosti \u2013 priprema za let u poduzetan svijet. Drugi modul pod nazivom Poduzetnost i zapo\u0161ljavanje \u2013 tr\u017ei\u0161te rada i ja obuhvatio je teme: \u0160to je poduzetnost, Timske uloge i timski rad kao va\u017ena vje\u0161tina za [&hellip;]<\/p>\n","protected":false},"author":3,"featured_media":0,"comment_status":"closed","ping_status":"closed","sticky":false,"template":"","format":"standard","meta":{"footnotes":""},"categories":[2,10],"tags":[],"class_list":["post-8366","post","type-post","status-publish","format-standard","hentry","category-aktualno","category-dogadaji"],"_links":{"self":[{"href":"https:\/\/www.tsd.hr\/site\/wp-json\/wp\/v2\/posts\/8366","targetHints":{"allow":["GET"]}}],"collection":[{"href":"https:\/\/www.tsd.hr\/site\/wp-json\/wp\/v2\/posts"}],"about":[{"href":"https:\/\/www.tsd.hr\/site\/wp-json\/wp\/v2\/types\/post"}],"author":[{"embeddable":true,"href":"https:\/\/www.tsd.hr\/site\/wp-json\/wp\/v2\/users\/3"}],"replies":[{"embeddable":true,"href":"https:\/\/www.tsd.hr\/site\/wp-json\/wp\/v2\/comments?post=8366"}],"version-history":[{"count":2,"href":"https:\/\/www.tsd.hr\/site\/wp-json\/wp\/v2\/posts\/8366\/revisions"}],"predecessor-version":[{"id":8368,"href":"https:\/\/www.tsd.hr\/site\/wp-json\/wp\/v2\/posts\/8366\/revisions\/8368"}],"wp:attachment":[{"href":"https:\/\/www.tsd.hr\/site\/wp-json\/wp\/v2\/media?parent=8366"}],"wp:term":[{"taxonomy":"category","embeddable":true,"href":"https:\/\/www.tsd.hr\/site\/wp-json\/wp\/v2\/categories?post=8366"},{"taxonomy":"post_tag","embeddable":true,"href":"https:\/\/www.tsd.hr\/site\/wp-json\/wp\/v2\/tags?post=8366"}],"curies":[{"name":"wp","href":"https:\/\/api.w.org\/{rel}","templated":true}]}}