{"id":8653,"date":"2019-09-17T11:10:18","date_gmt":"2019-09-17T09:10:18","guid":{"rendered":"https:\/\/www.tsd.hr\/site\/?p=8653"},"modified":"2019-09-17T11:10:18","modified_gmt":"2019-09-17T09:10:18","slug":"konferencija-strukturirani-dijalog-u-srednjim-skolama-izazovi-i-prilike","status":"publish","type":"post","link":"https:\/\/www.tsd.hr\/site\/2019\/konferencija-strukturirani-dijalog-u-srednjim-skolama-izazovi-i-prilike\/","title":{"rendered":"Konferencija &#8220;Strukturirani dijalog u srednjim \u0161kolama &#8211; izazovi i prilike&#8221;"},"content":{"rendered":"<div>U Ministarstvu znanosti i obrazovanja 16. rujna 2019. godine odr\u017eana je konferencija &#8220;Strukturirani dijalog u srednjim \u0161kolama &#8211; izazovi i prilike&#8221; Uloga \u0161kolske zajednice u provedbi Dijaloga EU-a s mladima i uloga dijaloga u demokratizaciji \u0161kole. Konferencija je organizirana u sklopu projekta &#8220;Strukturirani dijalog u srednjim \u0161kolama&#8221; koji je financiran iz programa Erasmus+ .Na konferenciju\u00a0 su pozvani sudionici edukacije o Strukturiranom dijalogu iz 30 \u0161kola koji su govorili o svojim iskustvima u provedbi strukturiranog dijaloga, kao i ravnatelji iz tih \u0161kola kako bi ih upoznali s metodama Strukturiranog dijaloga koji mo\u017ee unaprijediti proces demokratizacije \u0161kola. Iz na\u0161e \u0161kole pozivu su se odazvale ravnateljica Sanja Klubi\u010dka i nastavnica Sanja Busi\u0107 koja je sudjelovala u panel raspravi &#8220;Dijalog EU s mladima kroz o\u010di u\u010ditelja i u\u010denika&#8221; sa iskustvima iz na\u0161e \u0161kole. Tom prilikom predstavljen je i Priru\u010dnik za rad s vije\u0107ima u\u010denika uz kori\u0161tenje Dijaloga EU s mladima&#8221;.<\/div>\n<div>Pojam Strukturirani dijalog zamijenjen je pojmom Dijalog EU-a s mladima i na ovom mjestu mo\u017eete na\u0107i kratki video o tome kakav je to dijalog:\u00a0<a href=\"https:\/\/www.youtube.com\/watch?time_continue=80&amp;v=IspKFDRGfd8\" target=\"_blank\" rel=\"noopener\" data-saferedirecturl=\"https:\/\/www.google.com\/url?q=https:\/\/www.youtube.com\/watch?time_continue%3D80%26v%3DIspKFDRGfd8&amp;source=gmail&amp;ust=1568797363096000&amp;usg=AFQjCNEsbxfIpAQ_EQdqC2bwEXEhs5x2Jg\">https:\/\/www.youtube.<wbr \/>com\/watch?time_continue=80&amp;v=<wbr \/>IspKFDRGfd8<\/a>, a ovdje saznati i vi\u0161e informacija o Dijalogu EU s mladima\u00a0<a href=\"https:\/\/eupita.eu\/eu-pita\/sto-je-strukturirani-dijalog\/\" target=\"_blank\" rel=\"noopener\" data-saferedirecturl=\"https:\/\/www.google.com\/url?q=https:\/\/eupita.eu\/eu-pita\/sto-je-strukturirani-dijalog\/&amp;source=gmail&amp;ust=1568797363096000&amp;usg=AFQjCNEhmDB0gIV5EkjrSFHRPEYO2Y81pg\">https:\/\/eupita.eu\/eu-<wbr \/>pita\/sto-je-strukturirani-<wbr \/>dijalog\/<\/a>\u00a0.<br \/>\n<a href=\"https:\/\/www.facebook.com\/pg\/tsdaruvar\/photos\/?tab=album&amp;album_id=2712211795469866\" target=\"_blank\" rel=\"noopener\">Fotografije&#8230;<\/a><\/div>\n","protected":false},"excerpt":{"rendered":"<p>U Ministarstvu znanosti i obrazovanja 16. rujna 2019. godine odr\u017eana je konferencija &#8220;Strukturirani dijalog u srednjim \u0161kolama &#8211; izazovi i prilike&#8221; Uloga \u0161kolske zajednice u provedbi Dijaloga EU-a s mladima i uloga dijaloga u demokratizaciji \u0161kole. Konferencija je organizirana u sklopu projekta &#8220;Strukturirani dijalog u srednjim \u0161kolama&#8221; koji je financiran iz programa Erasmus+ .Na konferenciju\u00a0 [&hellip;]<\/p>\n","protected":false},"author":3,"featured_media":0,"comment_status":"closed","ping_status":"closed","sticky":false,"template":"","format":"standard","meta":{"footnotes":""},"categories":[2,10],"tags":[],"class_list":["post-8653","post","type-post","status-publish","format-standard","hentry","category-aktualno","category-dogadaji"],"_links":{"self":[{"href":"https:\/\/www.tsd.hr\/site\/wp-json\/wp\/v2\/posts\/8653","targetHints":{"allow":["GET"]}}],"collection":[{"href":"https:\/\/www.tsd.hr\/site\/wp-json\/wp\/v2\/posts"}],"about":[{"href":"https:\/\/www.tsd.hr\/site\/wp-json\/wp\/v2\/types\/post"}],"author":[{"embeddable":true,"href":"https:\/\/www.tsd.hr\/site\/wp-json\/wp\/v2\/users\/3"}],"replies":[{"embeddable":true,"href":"https:\/\/www.tsd.hr\/site\/wp-json\/wp\/v2\/comments?post=8653"}],"version-history":[{"count":1,"href":"https:\/\/www.tsd.hr\/site\/wp-json\/wp\/v2\/posts\/8653\/revisions"}],"predecessor-version":[{"id":8654,"href":"https:\/\/www.tsd.hr\/site\/wp-json\/wp\/v2\/posts\/8653\/revisions\/8654"}],"wp:attachment":[{"href":"https:\/\/www.tsd.hr\/site\/wp-json\/wp\/v2\/media?parent=8653"}],"wp:term":[{"taxonomy":"category","embeddable":true,"href":"https:\/\/www.tsd.hr\/site\/wp-json\/wp\/v2\/categories?post=8653"},{"taxonomy":"post_tag","embeddable":true,"href":"https:\/\/www.tsd.hr\/site\/wp-json\/wp\/v2\/tags?post=8653"}],"curies":[{"name":"wp","href":"https:\/\/api.w.org\/{rel}","templated":true}]}}