{"id":9520,"date":"2020-09-04T15:41:30","date_gmt":"2020-09-04T13:41:30","guid":{"rendered":"https:\/\/www.tsd.hr\/site\/?p=9520"},"modified":"2020-09-04T15:41:30","modified_gmt":"2020-09-04T13:41:30","slug":"poziv-za-srednjoskolce","status":"publish","type":"post","link":"https:\/\/www.tsd.hr\/site\/2020\/poziv-za-srednjoskolce\/","title":{"rendered":"Poziv za srednjo\u0161kolce"},"content":{"rendered":"<p style=\"font-weight: 400;\">Odlukom gradona\u010delnice Grada Pakraca Anamarije Bla\u017eevi\u0107 sredstva za potrebe u\u010denika, planirana u prora\u010dunu Grada Pakraca u 2020. godini, raspore\u0111uju se ne samo za nabavku radnih bilje\u017enica osnovno\u0161kolcima i kajdanki u\u010denicima glazbene \u0161kole, ve\u0107 i srednjo\u0161kolcima.<br \/>\nSVI pakra\u010dki srednjo\u0161kolci \u0107e,<u>\u00a0bez obzira koju srednju \u0161kolu (i gdje) poha\u0111aju,\u00a0<\/u>primiti po 4 platnene i perive za\u0161titne maske s logom &#8211; grb Grada Pakraca.<br \/>\nU\u010denici srednjih \u0161kola s prebivali\u0161tem na podru\u010dju Grada Pakraca svoje maske mogu preuzeti uz predo\u010denje osobne iskaznice\u00a0<strong>svakim radnim danom od 8 do 15 sati<\/strong>\u00a0u uredu br. 128 gradske uprave (prvi kat desno)\u00a0<strong>od DANAS, 04.09.2020. &#8211; 12.00 sati<\/strong>!<br \/>\nU\u010denici koji nastavu poha\u0111aju u drugim gradovima, ukoliko prije odlaska na svoja mjesta boravi\u0161ta ne preuzmu masku ili radi kasnog povratka (poslije 15 sati) maske mogu preuzeti u istom uredu u petak 11.09.2020. do 16 sati. Ako niste u mogu\u0107nosti ni na ovaj na\u010din \u2013 javite se na e- mail:\u00a0<a href=\"mailto:dubravka.spancic@pakrac.hr\">dubravka.spancic@pakrac.hr<\/a><br \/>\nUkoliko nemate osobno iskaznicu ponesite dokaz o upisu \u0161kole i OIB.<\/p>\n","protected":false},"excerpt":{"rendered":"<p>Odlukom gradona\u010delnice Grada Pakraca Anamarije Bla\u017eevi\u0107 sredstva za potrebe u\u010denika, planirana u prora\u010dunu Grada Pakraca u 2020. godini, raspore\u0111uju se ne samo za nabavku radnih bilje\u017enica osnovno\u0161kolcima i kajdanki u\u010denicima glazbene \u0161kole, ve\u0107 i srednjo\u0161kolcima. SVI pakra\u010dki srednjo\u0161kolci \u0107e,\u00a0bez obzira koju srednju \u0161kolu (i gdje) poha\u0111aju,\u00a0primiti po 4 platnene i perive za\u0161titne maske s logom [&hellip;]<\/p>\n","protected":false},"author":3,"featured_media":0,"comment_status":"closed","ping_status":"closed","sticky":false,"template":"","format":"standard","meta":{"footnotes":""},"categories":[2],"tags":[],"class_list":["post-9520","post","type-post","status-publish","format-standard","hentry","category-aktualno"],"_links":{"self":[{"href":"https:\/\/www.tsd.hr\/site\/wp-json\/wp\/v2\/posts\/9520","targetHints":{"allow":["GET"]}}],"collection":[{"href":"https:\/\/www.tsd.hr\/site\/wp-json\/wp\/v2\/posts"}],"about":[{"href":"https:\/\/www.tsd.hr\/site\/wp-json\/wp\/v2\/types\/post"}],"author":[{"embeddable":true,"href":"https:\/\/www.tsd.hr\/site\/wp-json\/wp\/v2\/users\/3"}],"replies":[{"embeddable":true,"href":"https:\/\/www.tsd.hr\/site\/wp-json\/wp\/v2\/comments?post=9520"}],"version-history":[{"count":1,"href":"https:\/\/www.tsd.hr\/site\/wp-json\/wp\/v2\/posts\/9520\/revisions"}],"predecessor-version":[{"id":9521,"href":"https:\/\/www.tsd.hr\/site\/wp-json\/wp\/v2\/posts\/9520\/revisions\/9521"}],"wp:attachment":[{"href":"https:\/\/www.tsd.hr\/site\/wp-json\/wp\/v2\/media?parent=9520"}],"wp:term":[{"taxonomy":"category","embeddable":true,"href":"https:\/\/www.tsd.hr\/site\/wp-json\/wp\/v2\/categories?post=9520"},{"taxonomy":"post_tag","embeddable":true,"href":"https:\/\/www.tsd.hr\/site\/wp-json\/wp\/v2\/tags?post=9520"}],"curies":[{"name":"wp","href":"https:\/\/api.w.org\/{rel}","templated":true}]}}